[{"@context":"https:\/\/schema.org\/","@type":"Article","@id":"https:\/\/www.ecr-cz.cz\/vysmejte-se-energetikum\/#Article","mainEntityOfPage":"https:\/\/www.ecr-cz.cz\/vysmejte-se-energetikum\/","headline":"Vysm\u011bjte se energetik\u016fm","name":"Vysm\u011bjte se energetik\u016fm","description":"Nem\u011bl jsem v posledn\u00edch dnech tolik \u010dasu, abych si ov\u011b\u0159il, nakolik \u0161lo o v\u011brohodn\u00e9 zpr\u00e1vy a nakolik p\u0159\u00edpadn\u011b o fake news. A tak jsem jenom","datePublished":"2022-07-15","dateModified":"2024-02-12","author":{"@type":"Person","@id":"https:\/\/www.ecr-cz.cz\/author\/devene\/#Person","name":"devene","url":"https:\/\/www.ecr-cz.cz\/author\/devene\/","identifier":1,"image":{"@type":"ImageObject","@id":"https:\/\/secure.gravatar.com\/avatar\/69bd9b72104e3ccfb6214cbd23cb226f96c6ecf33a2a351fa1d4682235118df3?s=96&d=mm&r=g","url":"https:\/\/secure.gravatar.com\/avatar\/69bd9b72104e3ccfb6214cbd23cb226f96c6ecf33a2a351fa1d4682235118df3?s=96&d=mm&r=g","height":96,"width":96}},"publisher":{"@type":"Organization","name":"ecr-cz.cz","logo":{"@type":"ImageObject","@id":"\/logo.png","url":"\/logo.png","width":600,"height":60}},"image":{"@type":"ImageObject","@id":"https:\/\/www.ecr-cz.cz\/wp-content\/uploads\/sol%C3%A1rn%C3%AD%20panely_10_4.jpg","url":"https:\/\/www.ecr-cz.cz\/wp-content\/uploads\/sol%C3%A1rn%C3%AD%20panely_10_4.jpg","height":0,"width":0},"url":"https:\/\/www.ecr-cz.cz\/vysmejte-se-energetikum\/","about":["Vztahy"],"wordCount":416,"articleBody":"   Nem\u011bl jsem v posledn\u00edch dnech tolik \u010dasu, abych si ov\u011b\u0159il, nakolik \u0161lo o v\u011brohodn\u00e9 zpr\u00e1vy a nakolik p\u0159\u00edpadn\u011b o fake news. A tak jsem jenom vzal na v\u011bdom\u00ed to, co mi p\u0159inesly dva informa\u010dn\u00ed zdroje. V dob\u011b, kdy slunce sv\u00edtilo a s\u00e1lalo jako \u0161\u00edlen\u00e9, mi bylo sd\u011bleno, \u017ee pokud budou p\u0159etrv\u00e1vat probl\u00e9my s nedostatkem energi\u00ed, budou n\u00e1m v objektech s centr\u00e1ln\u00edm vyt\u00e1p\u011bn\u00edm topit pouze tolik, abychom m\u011bli doma osmn\u00e1ct stup\u0148\u016f, co\u017e by n\u00e1m m\u011blo sta\u010dit. A snad se bude i kontrolovat, jestli se to v\u00e1\u017en\u011b dodr\u017euje, a za \u201anadm\u011brnou\u2018 spot\u0159ebu tepla se budou platit docela drakonick\u00e9 pokuty.No a z jin\u00e9 zpr\u00e1vy jsem zase zv\u011bd\u011bl, \u017ee se na\u0161i lid\u00e9 ob\u00e1vaj\u00ed mo\u017en\u00e9ho nedostatku plynu, a proto se ve zv\u00fd\u0161en\u00e9 m\u00ed\u0159e p\u0159edz\u00e1sobuj\u00ed elektrick\u00fdmi p\u0159\u00edmotopy a jin\u00fdmi zdroji tepla na elekt\u0159inu, \u010d\u00edm\u017e vznik\u00e1 riziko mo\u017en\u00fdch blackout\u016f, tedy v\u00fdpadk\u016f elekt\u0159iny, v zim\u011b, kdy budou oni lid\u00e9 elekt\u0159inou topit v takov\u00e9 m\u00ed\u0159e, \u017ee p\u0159et\u00ed\u017e\u00ed s\u00ed\u0165.Jak \u0159\u00edk\u00e1m, nesta\u010dil jsem si ov\u011b\u0159it, zda byly tyto informace pravdiv\u00e9, respektive nakolik se jim dalo v\u011b\u0159it. Ale docela bych jim i v\u011b\u0159il. K \u010demu\u017e v\u00e1s ale nenab\u00e1d\u00e1m, pokud jste si jisti, \u017ee jde o polopravdy nebo l\u017ei.Jedno v\u0161ak v\u00edm jist\u011b. \u017de energie zdra\u017euj\u00ed a budou zdra\u017eovat. O tom u\u017e si \u0161t\u011bbetaj\u00ed i vrabci na st\u0159e\u0161e. A proto se tak jako tak \u201aprohneme\u2018, a\u017e budeme platit nov\u00e9, vy\u0161\u0161\u00ed \u00fa\u010dty. Tedy pokud nenajdeme zp\u016fsob, jak na energi\u00edch u\u0161et\u0159it.A v\u011b\u0159te mi to nebo ne, existuje zp\u016fsob, jak se nejen vyhnout vy\u0161\u0161\u00edm \u00fa\u010dt\u016fm za elektrick\u00fd proud, ale m\u00edt ho i zcela bezplatn\u011b. Takovou mo\u017enost n\u00e1m d\u00e1v\u00e1 fotovoltaika Olomouc, umo\u017e\u0148uj\u00edc\u00ed komukoliv z\u00edsk\u00e1v\u00e1n\u00ed elektrick\u00e9 energie ekologicky ze slune\u010dn\u00edho z\u00e1\u0159en\u00ed.Sta\u010d\u00ed si po\u0159\u00eddit tyto zdroje elekt\u0159iny, a r\u00e1zem m\u016f\u017eeme na elekt\u0159in\u011b skute\u010dn\u011b hodn\u011b u\u0161et\u0159it, a\u0165 si kdokoliv zvy\u0161uje \u00fa\u010dty jakkoliv. A pro\u010d bychom na takov\u00e9 ekologick\u00e9 zdroje nevsadili a platili rad\u011bji v\u00edc a v\u00edc? Zejm\u00e9na kdy\u017e se zdra\u017euje snad v\u0161echno a ka\u017ed\u00e1 \u00faspora se tedy hod\u00ed.                                                                                                                                                                                                                                                                                                                                                                                                  "},{"@context":"https:\/\/schema.org\/","@type":"BreadcrumbList","itemListElement":[{"@type":"ListItem","position":1,"name":"Vysm\u011bjte se energetik\u016fm","item":"https:\/\/www.ecr-cz.cz\/vysmejte-se-energetikum\/#breadcrumbitem"}]}]