[{"@context":"https:\/\/schema.org\/","@type":"Article","@id":"https:\/\/www.ecr-cz.cz\/romantika-chce-neco-vic\/#Article","mainEntityOfPage":"https:\/\/www.ecr-cz.cz\/romantika-chce-neco-vic\/","headline":"Romantika chce n\u011bco v\u00edc","name":"Romantika chce n\u011bco v\u00edc","description":"Lid\u00e9 b\u00fdvaj\u00ed nejednou romantick\u00e9 du\u0161e. A proto si r\u00e1di u\u017e\u00edvaj\u00ed p\u0159\u00edjemn\u00e9 chvilky, kdykoliv je to jenom trochu mo\u017en\u00e9. A vzhledem k tomu, \u017ee je podobn\u00fdch","datePublished":"2021-07-12","dateModified":"2023-05-17","author":{"@type":"Person","@id":"https:\/\/www.ecr-cz.cz\/author\/devene\/#Person","name":"devene","url":"https:\/\/www.ecr-cz.cz\/author\/devene\/","identifier":1,"image":{"@type":"ImageObject","@id":"https:\/\/secure.gravatar.com\/avatar\/69bd9b72104e3ccfb6214cbd23cb226f96c6ecf33a2a351fa1d4682235118df3?s=96&d=mm&r=g","url":"https:\/\/secure.gravatar.com\/avatar\/69bd9b72104e3ccfb6214cbd23cb226f96c6ecf33a2a351fa1d4682235118df3?s=96&d=mm&r=g","height":96,"width":96}},"publisher":{"@type":"Organization","name":"ecr-cz.cz","logo":{"@type":"ImageObject","@id":"\/logo.png","url":"\/logo.png","width":600,"height":60}},"image":{"@type":"ImageObject","@id":"https:\/\/www.ecr-cz.cz\/wp-content\/uploads\/figurka%20and%C4%9Bla_gH1Knq.jpg","url":"https:\/\/www.ecr-cz.cz\/wp-content\/uploads\/figurka%20and%C4%9Bla_gH1Knq.jpg","height":0,"width":0},"url":"https:\/\/www.ecr-cz.cz\/romantika-chce-neco-vic\/","about":["Z\u00e1bava"],"wordCount":436,"articleBody":"         Lid\u00e9 b\u00fdvaj\u00ed nejednou romantick\u00e9 du\u0161e. A proto si r\u00e1di u\u017e\u00edvaj\u00ed p\u0159\u00edjemn\u00e9 chvilky, kdykoliv je to jenom trochu mo\u017en\u00e9. A vzhledem k tomu, \u017ee je podobn\u00fdch p\u0159\u00edle\u017eitost\u00ed v ka\u017edodenn\u00edm shonu obvykle jen pom\u00e1lu, u\u017e\u00edvaj\u00ed si je tito lid\u00e9 je\u0161t\u011b o to v\u00edc. A aby to vskutku st\u00e1lo za to, mus\u00ed se zvolit ide\u00e1ln\u00ed prost\u0159ed\u00ed, a toto by m\u011blo b\u00fdt i optim\u00e1ln\u011b za\u0159\u00edzeno.  Ten, kdo si mysl\u00ed, \u017ee k pro\u017eit\u00ed takov\u00fdch vz\u00e1cn\u00fdch chvilek bohat\u011b sta\u010d\u00ed posezen\u00ed s pivem p\u0159ed televiz\u00ed, to nikdy nepochop\u00ed, ale v\u011bt\u0161ina z n\u00e1s si jist\u011b hrav\u011b domysl\u00ed, jak takov\u00e9 romantick\u00e9 chvilky maj\u00ed t\u0159eba vypadat. Jak jenom t\u0159eba pohlad\u00ed po du\u0161i \u0161ero, v n\u011bm\u017e matn\u011b poblik\u00e1vaj\u00ed plam\u00ednky sv\u00ed\u010dek! A kdo je zast\u00e1ncem n\u011b\u010deho takov\u00e9ho, tomu se ur\u010dit\u011b hod\u00ed, m\u00e1-li doma, na zahrad\u011b nebo na jin\u00e9m p\u0159\u00edhodn\u00e9m m\u00edst\u011b dejme tomu dekora\u010dn\u00ed lampy. Proto\u017ee a\u0165 u\u017e jsou tyto kovov\u00e9 nebo d\u0159ev\u011bn\u00e9, prok\u00e1\u017eou v tomto ohledu dokonalou slu\u017ebu. U\u010din\u00ed ka\u017edou podobnou chvilku melancholickou, ba p\u0159\u00edmo po du\u0161i hlad\u00edc\u00ed. A takov\u00fdmi sv\u011bt\u00fdlky sv\u00ed\u010dek to je\u0161t\u011b ani zdaleka nemus\u00ed kon\u010dit. A ani by to t\u011bmito kon\u010dit nem\u011blo. Proto\u017ee m\u016f\u017ee b\u00fdt daleko v\u00edc toho, co p\u0159isp\u00edv\u00e1 k dokonalosti prost\u0159ed\u00ed, v n\u011bm\u017e \u010dlov\u011bk relaxuje a u\u017e\u00edv\u00e1 si. \u010casto se d\u00e1 v podobn\u00e9m interi\u00e9ru, a je\u0161t\u011b sp\u00ed\u0161e exteri\u00e9ru, naj\u00edt i n\u011bjak\u00e1 ta keramick\u00e1 dekorace, kup\u0159\u00edkladu dokonal\u00e1 keramick\u00e1 so\u0161ka and\u011bla. I ta m\u00e1 pochopiteln\u011b n\u011bco do sebe a nem\u016f\u017ee nejednou chyb\u011bt.  A kde n\u011bco podobn\u00e9ho vz\u00edt? Kde sehnat dokonal\u00e9 lampi\u010dky pro instalaci sv\u00ed\u010dek nebo n\u011bjak\u00e9 ty so\u0161ky and\u00edlk\u016f? Prakticky kdekoliv, kde tak lze u\u010dinit. T\u0159eba i v obchod\u011b ukr\u00fdvaj\u00edc\u00edm se pod odkazy v\u00fd\u0161e. Tam se v\u00e1m ur\u010dit\u011b poda\u0159\u00ed naj\u00edt p\u0159esn\u011b to prav\u00e9 pro v\u00e1s. A pak se takov\u00e9 romantick\u00e9 okam\u017eiky nemohou nevyda\u0159it. Bude to ur\u010dit\u011b dokonal\u00e9, to mi v\u011b\u0159te. A je-li tu snad n\u011bjak\u00fd potenci\u00e1ln\u00ed z\u00e1drhel, pak tento spo\u010d\u00edv\u00e1 snad jedin\u011b v tom, \u017ee nem\u00e1te, s k\u00fdm podobn\u00e9 romantick\u00e9 okam\u017eiky tr\u00e1vit. Ov\u0161em s t\u00edm u\u017e si budete muset n\u011bjak poradit sami.                                                                                                                                                                                                                                                                                                                                                                                                  "},{"@context":"https:\/\/schema.org\/","@type":"BreadcrumbList","itemListElement":[{"@type":"ListItem","position":1,"name":"Romantika chce n\u011bco v\u00edc","item":"https:\/\/www.ecr-cz.cz\/romantika-chce-neco-vic\/#breadcrumbitem"}]}]