[{"@context":"https:\/\/schema.org\/","@type":"Article","@id":"https:\/\/www.ecr-cz.cz\/mobilni-dum-efektivni-a-dostupne-bydleni-pro-kazdeho\/#Article","mainEntityOfPage":"https:\/\/www.ecr-cz.cz\/mobilni-dum-efektivni-a-dostupne-bydleni-pro-kazdeho\/","headline":"Mobiln\u00ed d\u016fm &#8211; efektivn\u00ed a dostupn\u00e9 bydlen\u00ed pro ka\u017ed\u00e9ho","name":"Mobiln\u00ed d\u016fm &#8211; efektivn\u00ed a dostupn\u00e9 bydlen\u00ed pro ka\u017ed\u00e9ho","description":"Pro\u010d se rozhodnout pro mobiln\u00ed d\u016fm? Nab\u00edz\u00ed mnoho v\u00fdhod. Jedn\u00e1 se o velmi n\u00edzkoenergetickou stavbu. Mobilheim po\u0159\u00edd\u00edte za p\u0159\u00edjatelnou cenu. Nen\u00ed zapot\u0159eb\u00ed vy\u0159\u00edzen\u00ed hypot\u00e9ky. Rovn\u011b\u017e","datePublished":"2018-06-20","dateModified":"2023-05-17","author":{"@type":"Person","@id":"https:\/\/www.ecr-cz.cz\/author\/devene\/#Person","name":"devene","url":"https:\/\/www.ecr-cz.cz\/author\/devene\/","identifier":1,"image":{"@type":"ImageObject","@id":"https:\/\/secure.gravatar.com\/avatar\/69bd9b72104e3ccfb6214cbd23cb226f96c6ecf33a2a351fa1d4682235118df3?s=96&d=mm&r=g","url":"https:\/\/secure.gravatar.com\/avatar\/69bd9b72104e3ccfb6214cbd23cb226f96c6ecf33a2a351fa1d4682235118df3?s=96&d=mm&r=g","height":96,"width":96}},"publisher":{"@type":"Organization","name":"ecr-cz.cz","logo":{"@type":"ImageObject","@id":"\/logo.png","url":"\/logo.png","width":600,"height":60}},"image":{"@type":"ImageObject","@id":"https:\/\/www.ecr-cz.cz\/wp-content\/uploads\/img_a318535_w2195_t1529396636.png","url":"https:\/\/www.ecr-cz.cz\/wp-content\/uploads\/img_a318535_w2195_t1529396636.png","height":0,"width":0},"url":"https:\/\/www.ecr-cz.cz\/mobilni-dum-efektivni-a-dostupne-bydleni-pro-kazdeho\/","about":["Ekonomika"],"wordCount":411,"articleBody":"        Pro\u010d se rozhodnout pro mobiln\u00ed d\u016fm? Nab\u00edz\u00ed mnoho v\u00fdhod. Jedn\u00e1 se o velmi n\u00edzkoenergetickou stavbu. Mobilheim po\u0159\u00edd\u00edte za p\u0159\u00edjatelnou cenu. Nen\u00ed zapot\u0159eb\u00ed vy\u0159\u00edzen\u00ed hypot\u00e9ky. Rovn\u011b\u017e nepot\u0159ebujete stavebn\u00ed povolen\u00ed ani z\u00e1kladn\u00ed desku, jako je tomu v p\u0159\u00edpad\u011b stavby klasick\u00e9ho rodinn\u00e9ho domu. P\u0159ednost\u00ed je mobilita, kdykoliv se lze p\u0159em\u00edstit z m\u00edsta na m\u00edsto. Typ bydlen\u00ed pro jednotlivce, mlad\u00e9 p\u00e1ry, rodiny s d\u011btmi i adekv\u00e1tn\u00ed \u0159e\u0161en\u00ed pro seniory.  Pokud v\u00e1h\u00e1te \u010di jste rozhodnuti pro tuto alternativu bydlen\u00ed, je zapot\u0159eb\u00ed p\u0159ed samotnou objedn\u00e1vkou v\u011bd\u011bt z\u00e1sadn\u00ed v\u011bci. Prvo\u0159ad\u00e9 je v\u011bd\u011bt, za jak\u00fdm \u00fa\u010delem si mobiln\u00ed d\u016fm budete po\u0159izovat. Jedn\u00e1 se o variantu bydlen\u00ed, kterou lze vyu\u017e\u00edt k mnoha \u00fa\u010del\u016fm, tj. trval\u00e9 bydlen\u00ed, pro rekrea\u010dn\u00ed vyu\u017eit\u00ed, coby p\u0159echodn\u00e9 bydlen\u00ed na stavb\u00e1ch, jako provozovnu rychl\u00e9ho ob\u010derstven\u00ed, letn\u00ed apartm\u00e1n na hor\u00e1ch \u010di u vody apod. Podstatn\u00fd vliv m\u00e1 i po\u010det osob, kter\u00e9 budou v mobilheimu bydlet. Od toho se samoz\u0159ejm\u011b odv\u00edj\u00ed celkov\u00e1 obytn\u00e1 plocha, po\u010det pokoj\u016f, velikost plochy ob\u00fdvac\u00edho neboli hlavn\u00edho pokoje. D\u00e1le je zapot\u0159eb\u00ed i m\u00edt jasno, kde bude va\u0161e obydl\u00ed um\u00edst\u011bno. Ne\u017e bude domek dopraven na ur\u010den\u00e9 m\u00edsto, je zapot\u0159eb\u00ed se rad\u011bji je\u0161t\u011b u prodejce informovat. Rovn\u011b\u017e z\u00e1le\u017e\u00ed na \u00fa\u010delu vyu\u017eit\u00ed. Pokud se bude jednat o trval\u00e9 bydlen\u00ed po cel\u00fd rok, je zapot\u0159eb\u00ed zvolit zateplenou variantu. Zde je mo\u017eno si vybrat zateplen\u00fd d\u016fm s izolac\u00ed. Efektivn\u011bj\u0161\u00ed v\u0161ak je verze zateplen\u00e9ho domu vhodn\u00e9ho pro na\u0161e \u010desk\u00e9 klima. Takov\u00fd d\u016fm je ji\u017e srovnateln\u00fd s klasick\u00fdm domem, tj. v zim\u011b izoluje, nen\u00ed v n\u011bm chladno a v letn\u00edm obdob\u00ed se naopak nep\u0159eh\u0159\u00edv\u00e1. Jak je to s vyt\u00e1p\u011bn\u00edm? Pokud se bude jednat o variantu ohledn\u011b trval\u00e9ho bydlen\u00ed, tj. po cel\u00fd rok, je zapot\u0159eb\u00ed vy\u0159e\u0161it zp\u016fsob vyt\u00e1p\u011bn\u00ed. Obvykle se jedn\u00e1 o topen\u00ed na plyn \u010di elekt\u0159inu, co\u017e m\u016f\u017ee b\u00fdt o n\u011bco dra\u017e\u0161\u00ed alternativou, nebo\u0165 je v z\u00e1vislosti na zateplen\u00ed domu. Ide\u00e1ln\u00edm a \u00fasporn\u011bj\u0161\u00edm \u0159e\u0161en\u00edm jsou krbov\u00e1 kamna, kter\u00e1 d\u016fm vytop\u00ed a z\u00e1rove\u0148 navod\u00ed \u00fatulnou atmosf\u00e9ru.                                                                                                                                                                                                                                                                                                                                                                                                  "},{"@context":"https:\/\/schema.org\/","@type":"BreadcrumbList","itemListElement":[{"@type":"ListItem","position":1,"name":"Mobiln\u00ed d\u016fm &#8211; efektivn\u00ed a dostupn\u00e9 bydlen\u00ed pro ka\u017ed\u00e9ho","item":"https:\/\/www.ecr-cz.cz\/mobilni-dum-efektivni-a-dostupne-bydleni-pro-kazdeho\/#breadcrumbitem"}]}]