[{"@context":"https:\/\/schema.org\/","@type":"Article","@id":"https:\/\/www.ecr-cz.cz\/klidne-i-falesne-hlavne-zpivat\/#Article","mainEntityOfPage":"https:\/\/www.ecr-cz.cz\/klidne-i-falesne-hlavne-zpivat\/","headline":"Klidn\u011b i fale\u0161n\u011b, hlavn\u011b zp\u00edvat!","name":"Klidn\u011b i fale\u0161n\u011b, hlavn\u011b zp\u00edvat!","description":"D\u011btimaj\u00ed zp\u00edv\u00e1n\u00ed moc r\u00e1dy. Miminka hezky zklidn\u00ed a usp\u00ed, pro v\u011bt\u0161\u00ed d\u011bti je skv\u011blou z\u00e1bavou. A cht\u011bj\u00ed ji pro\u017e\u00edvat spole\u010dn\u011b s n\u00e1mi! V p\u0159\u00edpad\u011b zp\u00edv\u00e1n\u00ed","datePublished":"2019-11-24","dateModified":"2023-05-17","author":{"@type":"Person","@id":"https:\/\/www.ecr-cz.cz\/author\/devene\/#Person","name":"devene","url":"https:\/\/www.ecr-cz.cz\/author\/devene\/","identifier":1,"image":{"@type":"ImageObject","@id":"https:\/\/secure.gravatar.com\/avatar\/69bd9b72104e3ccfb6214cbd23cb226f96c6ecf33a2a351fa1d4682235118df3?s=96&d=mm&r=g","url":"https:\/\/secure.gravatar.com\/avatar\/69bd9b72104e3ccfb6214cbd23cb226f96c6ecf33a2a351fa1d4682235118df3?s=96&d=mm&r=g","height":96,"width":96}},"publisher":{"@type":"Organization","name":"ecr-cz.cz","logo":{"@type":"ImageObject","@id":"\/logo.png","url":"\/logo.png","width":600,"height":60}},"image":{"@type":"ImageObject","@id":"https:\/\/www.ecr-cz.cz\/wp-content\/uploads\/img_a376676_w4330_t1588236362.jpg","url":"https:\/\/www.ecr-cz.cz\/wp-content\/uploads\/img_a376676_w4330_t1588236362.jpg","height":0,"width":0},"url":"https:\/\/www.ecr-cz.cz\/klidne-i-falesne-hlavne-zpivat\/","about":["Byznys"],"wordCount":445,"articleBody":"        D\u011btimaj\u00ed zp\u00edv\u00e1n\u00ed moc r\u00e1dy. Miminka hezky zklidn\u00ed a usp\u00ed, pro v\u011bt\u0161\u00ed d\u011bti je skv\u011blou z\u00e1bavou. A cht\u011bj\u00ed ji pro\u017e\u00edvat spole\u010dn\u011b s n\u00e1mi! V p\u0159\u00edpad\u011b zp\u00edv\u00e1n\u00ed s d\u011btmi nen\u00ed opravdu pot\u0159eba se styd\u011bt za n\u011bjak\u00fd ten fale\u0161n\u00fd t\u00f3n a zbyte\u010dn\u011b se vymlouvat. Na\u0161e ratolesti nejsou p\u0159\u00edsn\u00fdmi porotci hudebn\u00ed sout\u011b\u017ee. Cht\u011bj\u00ed se hlavn\u011b bavit. P\u0159i zp\u011bvu a poslechu p\u00edsni\u010dky je zaj\u00edm\u00e1 hlavn\u011b poutav\u00fd obsah a rytmus! P\u0159i t\u00e9to z\u00e1bav\u011b m\u00e1me tak\u00e9 skv\u011blou p\u0159\u00edle\u017eitost za\u010d\u00edt pomalu seznamovat mr\u0148ouse s hudebn\u00edmi n\u00e1stroji. Zapojit t\u0159eba kytary, harmoniky, bub\u00ednky \u010di rumbakoule pro d\u011bti. Takov\u00e1 kapela pak m\u016f\u017ee hr\u00e1t k poslechu i tanci! Co se t\u00fdk\u00e1 reperto\u00e1ru, jasn\u011b vedou takzvan\u00e9 \u201eodrhova\u010dky\u201c. P\u0159i neust\u00e1l\u00e9m opakov\u00e1n\u00ed refr\u00e9nu si d\u011bti dob\u0159e zapamatuj\u00ed nov\u00e1 slova, jejich v\u00fdznamy a zp\u016fsoby u\u017e\u00edv\u00e1n\u00ed. St\u00e1le jsou obl\u00edben\u00e9 klasick\u00e9 lidov\u00e9 d\u011btsk\u00e9 songy jako t\u0159eba \u201eSk\u00e1kal pes\u201c, \u201ePec n\u00e1m spadla\u201c, \u201eZlat\u00e1 br\u00e1na\u201c nebo \u201eKolo, kolo ml\u00fdnsk\u00fd\u201c. Pak m\u00e1me samoz\u0159ejm\u011b spoustu p\u00edsni\u010dek nov\u00fdch. D\u011bti maj\u00ed nap\u0159\u00edklad moc r\u00e1dy ty z jejich obl\u00edben\u00fdch po\u0159ad\u016f, poh\u00e1dek, film\u016f, ve\u010dern\u00ed\u010dk\u016f nebo seri\u00e1l\u016f. K dispozici je pestr\u00fd v\u00fdb\u011br nahr\u00e1vek, kter\u00e9 si m\u016f\u017eeme vz\u00edt http:\/\/www.msmt.cz\/ministerstvo\/novinar\/klicove-dokumenty-ke-spolecnemu-vzdelavani-3  na pomoc. Sta\u010d\u00ed zjistit, co je na\u0161im d\u011btem nejbli\u017e\u0161\u00ed, z \u010deho maj\u00ed nejv\u011bt\u0161\u00ed radost. \u017de se d\u011btem hudba l\u00edb\u00ed ji\u017e od narozen\u00ed, to dokazuje i chov\u00e1n\u00ed jejich maminek. Mluv\u00ed na n\u011b toti\u017e melodicky, tak jako by zp\u00edvaly. Miminka to uklid\u0148uje a dob\u0159e se jim us\u00edn\u00e1. V\u011bt\u0161\u00ed d\u011bti se tak\u00e9 u zp\u00edv\u00e1n\u00ed u\u010d\u00ed rozezn\u00e1vat r\u016fzn\u00e9 emoce. Neboj\u00edme se jim zp\u00edvat i p\u00edsni\u010dky smutn\u00e9. V\u017edy\u0165 v \u017eivot\u011b pro\u017e\u00edv\u00e1me tak\u00e9 chv\u00edle smutku, kdy se n\u00e1m chce plakat. A pr\u00e1v\u011b poslech hudby a vlastn\u00ed zp\u00edv\u00e1n\u00ed a hran\u00ed n\u00e1m m\u016f\u017ee v t\u00e9to t\u011b\u017ek\u00e9 dob\u011b hodn\u011b pom\u00e1hat! P\u0159i spole\u010dn\u00e9m zp\u011bvu s d\u011btmi bychom my dosp\u011bl\u00ed m\u011bli myslet na to, \u017ee d\u011btem hodn\u011b pom\u016f\u017ee, kdy\u017e je nech\u00e1me zp\u00edvat n\u00ed\u017e a vy\u0161\u0161\u00ed t\u00f3ny zvl\u00e1dneme sami. Zp\u00edv\u00e1 se jim potom l\u00e9pe, je to pro n\u011b zkr\u00e1tka mnohem jednodu\u0161\u0161\u00ed!                                                                                                                                                                                                                                                                                                                                                                                                  "},{"@context":"https:\/\/schema.org\/","@type":"BreadcrumbList","itemListElement":[{"@type":"ListItem","position":1,"name":"Klidn\u011b i fale\u0161n\u011b, hlavn\u011b zp\u00edvat!","item":"https:\/\/www.ecr-cz.cz\/klidne-i-falesne-hlavne-zpivat\/#breadcrumbitem"}]}]